{"id":1475,"date":"2026-09-03T18:21:45","date_gmt":"2026-09-03T21:21:45","guid":{"rendered":"https:\/\/fundacaosolnascente.com.br\/home\/?p=1475"},"modified":"2026-09-03T18:29:56","modified_gmt":"2026-09-03T21:29:56","slug":"beneficios-da-ia-para-o-pequeno-comerciante-otimizando-negocios-locais","status":"publish","type":"post","link":"https:\/\/fundacaosolnascente.com.br\/home\/beneficios-da-ia-para-o-pequeno-comerciante-otimizando-negocios-locais\/","title":{"rendered":"Benef\u00edcios da IA para o Pequeno Comerciante: Otimizando Neg\u00f3cios Locais"},"content":{"rendered":"\t\t<div data-elementor-type=\"wp-post\" data-elementor-id=\"1475\" class=\"elementor elementor-1475\" data-elementor-post-type=\"post\">\n\t\t\t\t\t\t<section class=\"elementor-section elementor-top-section elementor-element elementor-element-45597242 elementor-section-height-min-height elementor-section-full_width elementor-section-height-default elementor-section-items-middle\" data-id=\"45597242\" data-element_type=\"section\" data-settings=\"{&quot;background_background&quot;:&quot;classic&quot;}\">\n\t\t\t\t\t\t\t<div class=\"elementor-background-overlay\"><\/div>\n\t\t\t\t\t\t\t<div class=\"elementor-container elementor-column-gap-default\">\n\t\t\t\t\t<div class=\"elementor-column elementor-col-100 elementor-top-column elementor-element elementor-element-3501ff7\" data-id=\"3501ff7\" data-element_type=\"column\">\n\t\t\t<div class=\"elementor-widget-wrap\">\n\t\t\t\t\t\t\t<\/div>\n\t\t<\/div>\n\t\t\t\t\t<\/div>\n\t\t<\/section>\n\t\t\t\t<section class=\"elementor-section elementor-top-section elementor-element elementor-element-50b94eb elementor-section-boxed elementor-section-height-default elementor-section-height-default\" data-id=\"50b94eb\" data-element_type=\"section\">\n\t\t\t\t\t\t<div class=\"elementor-container elementor-column-gap-default\">\n\t\t\t\t\t<div class=\"elementor-column elementor-col-100 elementor-top-column elementor-element elementor-element-435ab01\" data-id=\"435ab01\" data-element_type=\"column\">\n\t\t\t<div class=\"elementor-widget-wrap elementor-element-populated\">\n\t\t\t\t\t\t<div class=\"elementor-element elementor-element-8fe9457 elementor-widget-divider--view-line elementor-widget elementor-widget-divider\" data-id=\"8fe9457\" data-element_type=\"widget\" data-widget_type=\"divider.default\">\n\t\t\t\t<div class=\"elementor-widget-container\">\n\t\t\t\t\t<div class=\"elementor-divider\">\n\t\t\t<span class=\"elementor-divider-separator\">\n\t\t\t\t\t\t<\/span>\n\t\t<\/div>\n\t\t\t\t<\/div>\n\t\t\t\t<\/div>\n\t\t\t\t<div class=\"elementor-element elementor-element-ca537a8 elementor-widget elementor-widget-heading\" data-id=\"ca537a8\" data-element_type=\"widget\" data-widget_type=\"heading.default\">\n\t\t\t\t<div class=\"elementor-widget-container\">\n\t\t\t<h3 class=\"elementor-heading-title elementor-size-large\">Benef\u00edcios da IA para o Pequeno Comerciante: otimizando neg\u00f3cios locais\n<\/h3>\t\t<\/div>\n\t\t\t\t<\/div>\n\t\t\t\t<div class=\"elementor-element elementor-element-e147689 elementor-widget elementor-widget-text-editor\" data-id=\"e147689\" data-element_type=\"widget\" data-widget_type=\"text-editor.default\">\n\t\t\t\t<div class=\"elementor-widget-container\">\n\t\t\t\t\t\t\t<p><span style=\"font-weight: 400;\">A Intelig\u00eancia Artificial (IA) est\u00e1 cada vez mais acess\u00edvel e pode ser uma grande aliada dos pequenos comerciantes. No dia a dia, a IA oferece solu\u00e7\u00f5es pr\u00e1ticas que ajudam a otimizar opera\u00e7\u00f5es, melhorar o atendimento e aumentar a competitividade.<\/span><\/p><p><span style=\"font-weight: 400;\">Uma aplica\u00e7\u00e3o comum \u00e9 o uso de chatbots para atendimento ao cliente. Esses assistentes virtuais conseguem responder d\u00favidas, processar pedidos e oferecer suporte imediato, melhorando a experi\u00eancia do cliente.<\/span><\/p><p><span style=\"font-weight: 400;\">Outra possibilidade \u00e9 a an\u00e1lise de dados. Ferramentas alimentadas por IA conseguem identificar padr\u00f5es de comportamento entre os consumidores, permitindo que o comerciante ajuste ofertas, precifique produtos de maneira competitiva e personalizar promo\u00e7\u00f5es.<\/span><\/p><p><span style=\"font-weight: 400;\">Al\u00e9m disso, a IA pode auxiliar na gest\u00e3o de estoques, evitando desperd\u00edcios e garantindo que produtos mais vendidos estejam sempre dispon\u00edveis.<\/span><\/p><p><span style=\"font-weight: 400;\">Na Funda\u00e7\u00e3o Sol Nascente, incentivamos o pequeno comerciante a se familiarizar com essas ferramentas. Adotar inova\u00e7\u00f5es tecnol\u00f3gicas pode representar um diferencial importante no mercado, permitindo crescer de maneira sustent\u00e1vel, mesmo em um cen\u00e1rio altamente competitivo.<\/span><\/p>\t\t\t\t\t\t<\/div>\n\t\t\t\t<\/div>\n\t\t\t\t<div class=\"elementor-element elementor-element-0247563 elementor-widget-divider--view-line elementor-widget elementor-widget-divider\" data-id=\"0247563\" data-element_type=\"widget\" data-widget_type=\"divider.default\">\n\t\t\t\t<div class=\"elementor-widget-container\">\n\t\t\t\t\t<div class=\"elementor-divider\">\n\t\t\t<span class=\"elementor-divider-separator\">\n\t\t\t\t\t\t<\/span>\n\t\t<\/div>\n\t\t\t\t<\/div>\n\t\t\t\t<\/div>\n\t\t\t\t<div class=\"elementor-element elementor-element-eacb156 elementor-widget elementor-widget-heading\" data-id=\"eacb156\" data-element_type=\"widget\" data-widget_type=\"heading.default\">\n\t\t\t\t<div class=\"elementor-widget-container\">\n\t\t\t<h3 class=\"elementor-heading-title elementor-size-large\">Publica\u00e7\u00f5es Recentes<\/h3>\t\t<\/div>\n\t\t\t\t<\/div>\n\t\t\t\t\t<\/div>\n\t\t<\/div>\n\t\t\t\t\t<\/div>\n\t\t<\/section>\n\t\t\t\t<section class=\"elementor-section elementor-top-section elementor-element elementor-element-7d88573 elementor-section-boxed elementor-section-height-default elementor-section-height-default\" data-id=\"7d88573\" data-element_type=\"section\">\n\t\t\t\t\t\t<div class=\"elementor-container elementor-column-gap-default\">\n\t\t\t\t\t<div class=\"elementor-column elementor-col-100 elementor-top-column elementor-element elementor-element-bd1e6cf\" data-id=\"bd1e6cf\" data-element_type=\"column\">\n\t\t\t<div class=\"elementor-widget-wrap elementor-element-populated\">\n\t\t\t\t\t\t<div class=\"elementor-element elementor-element-5704065 elementor-grid-3 elementor-grid-tablet-2 elementor-grid-mobile-1 elementor-posts--thumbnail-top elementor-widget elementor-widget-posts\" data-id=\"5704065\" data-element_type=\"widget\" data-settings=\"{&quot;pagination_type&quot;:&quot;prev_next&quot;,&quot;classic_columns&quot;:&quot;3&quot;,&quot;classic_columns_tablet&quot;:&quot;2&quot;,&quot;classic_columns_mobile&quot;:&quot;1&quot;,&quot;classic_row_gap&quot;:{&quot;unit&quot;:&quot;px&quot;,&quot;size&quot;:35,&quot;sizes&quot;:[]},&quot;classic_row_gap_tablet&quot;:{&quot;unit&quot;:&quot;px&quot;,&quot;size&quot;:&quot;&quot;,&quot;sizes&quot;:[]},&quot;classic_row_gap_mobile&quot;:{&quot;unit&quot;:&quot;px&quot;,&quot;size&quot;:&quot;&quot;,&quot;sizes&quot;:[]}}\" data-widget_type=\"posts.classic\">\n\t\t\t\t<div class=\"elementor-widget-container\">\n\t\t\t\t\t<div class=\"elementor-posts-container elementor-posts elementor-posts--skin-classic elementor-grid\">\n\t\t\t\t<article class=\"elementor-post elementor-grid-item post-1475 post type-post status-publish format-standard has-post-thumbnail hentry category-blog\">\n\t\t\t\t<a class=\"elementor-post__thumbnail__link\" href=\"https:\/\/fundacaosolnascente.com.br\/home\/beneficios-da-ia-para-o-pequeno-comerciante-otimizando-negocios-locais\/\" tabindex=\"-1\" >\n\t\t\t<div class=\"elementor-post__thumbnail\"><img fetchpriority=\"high\" decoding=\"async\" width=\"300\" height=\"225\" src=\"https:\/\/fundacaosolnascente.com.br\/wp-content\/uploads\/2026\/09\/ia_empreendedores-300x225.png\" class=\"attachment-medium size-medium wp-image-1480\" alt=\"\" srcset=\"https:\/\/fundacaosolnascente.com.br\/wp-content\/uploads\/2026\/09\/ia_empreendedores-300x225.png 300w, https:\/\/fundacaosolnascente.com.br\/wp-content\/uploads\/2026\/09\/ia_empreendedores-768x576.png 768w, https:\/\/fundacaosolnascente.com.br\/wp-content\/uploads\/2026\/09\/ia_empreendedores.png 800w\" sizes=\"(max-width: 300px) 100vw, 300px\" \/><\/div>\n\t\t<\/a>\n\t\t\t\t<div class=\"elementor-post__text\">\n\t\t\t\t<h3 class=\"elementor-post__title\">\n\t\t\t<a href=\"https:\/\/fundacaosolnascente.com.br\/home\/beneficios-da-ia-para-o-pequeno-comerciante-otimizando-negocios-locais\/\" >\n\t\t\t\tBenef\u00edcios da IA para o Pequeno Comerciante: Otimizando Neg\u00f3cios Locais\t\t\t<\/a>\n\t\t<\/h3>\n\t\t\t\t<div class=\"elementor-post__meta-data\">\n\t\t\t\t\t<span class=\"elementor-post-date\">\n\t\t\t3 de setembro de 2026\t\t<\/span>\n\t\t\t\t<\/div>\n\t\t\t\t<div class=\"elementor-post__excerpt\">\n\t\t\t<p>Ap\u00f3s a Copa, as elei\u00e7\u00f5es refor\u00e7am a import\u00e2ncia da cidadania, do di\u00e1logo respeitoso e da busca por informa\u00e7\u00e3o de qualidade.<\/p>\n\t\t<\/div>\n\t\t\n\t\t<a class=\"elementor-post__read-more\" href=\"https:\/\/fundacaosolnascente.com.br\/home\/beneficios-da-ia-para-o-pequeno-comerciante-otimizando-negocios-locais\/\" aria-label=\"Read more about Benef\u00edcios da IA para o Pequeno Comerciante: Otimizando Neg\u00f3cios Locais\" tabindex=\"-1\" >\n\t\t\tLeia mais \u00bb\t\t<\/a>\n\n\t\t\t\t<\/div>\n\t\t\t\t<\/article>\n\t\t\t\t<article class=\"elementor-post elementor-grid-item post-1459 post type-post status-publish format-standard has-post-thumbnail hentry category-blog\">\n\t\t\t\t<a class=\"elementor-post__thumbnail__link\" href=\"https:\/\/fundacaosolnascente.com.br\/home\/celebrando-441-anos-de-joao-pessoa\/\" tabindex=\"-1\" >\n\t\t\t<div class=\"elementor-post__thumbnail\"><img decoding=\"async\" width=\"300\" height=\"225\" data-src=\"https:\/\/fundacaosolnascente.com.br\/wp-content\/uploads\/2026\/08\/blog02-300x225.png\" class=\"attachment-medium size-medium wp-image-1461 lazyload\" alt=\"\" data-srcset=\"https:\/\/fundacaosolnascente.com.br\/wp-content\/uploads\/2026\/08\/blog02-300x225.png 300w, https:\/\/fundacaosolnascente.com.br\/wp-content\/uploads\/2026\/08\/blog02-768x576.png 768w, https:\/\/fundacaosolnascente.com.br\/wp-content\/uploads\/2026\/08\/blog02.png 800w\" data-sizes=\"(max-width: 300px) 100vw, 300px\" src=\"data:image\/svg+xml;base64,PHN2ZyB3aWR0aD0iMSIgaGVpZ2h0PSIxIiB4bWxucz0iaHR0cDovL3d3dy53My5vcmcvMjAwMC9zdmciPjwvc3ZnPg==\" style=\"--smush-placeholder-width: 300px; --smush-placeholder-aspect-ratio: 300\/225;\" \/><\/div>\n\t\t<\/a>\n\t\t\t\t<div class=\"elementor-post__text\">\n\t\t\t\t<h3 class=\"elementor-post__title\">\n\t\t\t<a href=\"https:\/\/fundacaosolnascente.com.br\/home\/celebrando-441-anos-de-joao-pessoa\/\" >\n\t\t\t\tCelebrando 441 Anos de Jo\u00e3o Pessoa\t\t\t<\/a>\n\t\t<\/h3>\n\t\t\t\t<div class=\"elementor-post__meta-data\">\n\t\t\t\t\t<span class=\"elementor-post-date\">\n\t\t\t5 de agosto de 2026\t\t<\/span>\n\t\t\t\t<\/div>\n\t\t\t\t<div class=\"elementor-post__excerpt\">\n\t\t\t<p>Ap\u00f3s a Copa, as elei\u00e7\u00f5es refor\u00e7am a import\u00e2ncia da cidadania, do di\u00e1logo respeitoso e da busca por informa\u00e7\u00e3o de qualidade.<\/p>\n\t\t<\/div>\n\t\t\n\t\t<a class=\"elementor-post__read-more\" href=\"https:\/\/fundacaosolnascente.com.br\/home\/celebrando-441-anos-de-joao-pessoa\/\" aria-label=\"Read more about Celebrando 441 Anos de Jo\u00e3o Pessoa\" tabindex=\"-1\" >\n\t\t\tLeia mais \u00bb\t\t<\/a>\n\n\t\t\t\t<\/div>\n\t\t\t\t<\/article>\n\t\t\t\t<article class=\"elementor-post elementor-grid-item post-1439 post type-post status-publish format-standard has-post-thumbnail hentry category-blog\">\n\t\t\t\t<a class=\"elementor-post__thumbnail__link\" href=\"https:\/\/fundacaosolnascente.com.br\/home\/apos-a-copa-olhar-para-as-eleicoes-e-a-polarizacao-atual\/\" tabindex=\"-1\" >\n\t\t\t<div class=\"elementor-post__thumbnail\"><img decoding=\"async\" width=\"300\" height=\"225\" data-src=\"https:\/\/fundacaosolnascente.com.br\/wp-content\/uploads\/2026\/03\/urna-300x225.png\" class=\"attachment-medium size-medium wp-image-1383 lazyload\" alt=\"\" data-srcset=\"https:\/\/fundacaosolnascente.com.br\/wp-content\/uploads\/2026\/03\/urna-300x225.png 300w, https:\/\/fundacaosolnascente.com.br\/wp-content\/uploads\/2026\/03\/urna-768x576.png 768w, https:\/\/fundacaosolnascente.com.br\/wp-content\/uploads\/2026\/03\/urna.png 800w\" data-sizes=\"(max-width: 300px) 100vw, 300px\" src=\"data:image\/svg+xml;base64,PHN2ZyB3aWR0aD0iMSIgaGVpZ2h0PSIxIiB4bWxucz0iaHR0cDovL3d3dy53My5vcmcvMjAwMC9zdmciPjwvc3ZnPg==\" style=\"--smush-placeholder-width: 300px; --smush-placeholder-aspect-ratio: 300\/225;\" \/><\/div>\n\t\t<\/a>\n\t\t\t\t<div class=\"elementor-post__text\">\n\t\t\t\t<h3 class=\"elementor-post__title\">\n\t\t\t<a href=\"https:\/\/fundacaosolnascente.com.br\/home\/apos-a-copa-olhar-para-as-eleicoes-e-a-polarizacao-atual\/\" >\n\t\t\t\tAp\u00f3s a Copa: olhar para as elei\u00e7\u00f5es e a polariza\u00e7\u00e3o atual\t\t\t<\/a>\n\t\t<\/h3>\n\t\t\t\t<div class=\"elementor-post__meta-data\">\n\t\t\t\t\t<span class=\"elementor-post-date\">\n\t\t\t15 de julho de 2026\t\t<\/span>\n\t\t\t\t<\/div>\n\t\t\t\t<div class=\"elementor-post__excerpt\">\n\t\t\t<p>Ap\u00f3s a Copa, as elei\u00e7\u00f5es refor\u00e7am a import\u00e2ncia da cidadania, do di\u00e1logo respeitoso e da busca por informa\u00e7\u00e3o de qualidade.<\/p>\n\t\t<\/div>\n\t\t\n\t\t<a class=\"elementor-post__read-more\" href=\"https:\/\/fundacaosolnascente.com.br\/home\/apos-a-copa-olhar-para-as-eleicoes-e-a-polarizacao-atual\/\" aria-label=\"Read more about Ap\u00f3s a Copa: olhar para as elei\u00e7\u00f5es e a polariza\u00e7\u00e3o atual\" tabindex=\"-1\" >\n\t\t\tLeia mais \u00bb\t\t<\/a>\n\n\t\t\t\t<\/div>\n\t\t\t\t<\/article>\n\t\t\t\t<\/div>\n\t\t\n\t\t\t\t<div class=\"e-load-more-anchor\" data-page=\"1\" data-max-page=\"15\" data-next-page=\"https:\/\/fundacaosolnascente.com.br\/home\/wp-json\/wp\/v2\/posts\/1475\/page\/2\/\"><\/div>\n\t\t\t\t<nav class=\"elementor-pagination\" aria-label=\"Pagination\">\n\t\t\t<span class=\"page-numbers prev\">&laquo; Retornar<\/span>\n<a class=\"page-numbers next\" href=\"https:\/\/fundacaosolnascente.com.br\/home\/wp-json\/wp\/v2\/posts\/1475\/page\/2\/\">Avan\u00e7ar &raquo;<\/a>\t\t<\/nav>\n\t\t\t\t<\/div>\n\t\t\t\t<\/div>\n\t\t\t\t\t<\/div>\n\t\t<\/div>\n\t\t\t\t\t<\/div>\n\t\t<\/section>\n\t\t\t\t<\/div>\n\t\t","protected":false},"excerpt":{"rendered":"<p>Ap\u00f3s a Copa, as elei\u00e7\u00f5es refor\u00e7am a import\u00e2ncia da cidadania, do di\u00e1logo respeitoso e da busca por informa\u00e7\u00e3o de qualidade.<\/p>\n","protected":false},"author":2,"featured_media":1480,"comment_status":"closed","ping_status":"open","sticky":false,"template":"elementor_header_footer","format":"standard","meta":{"footnotes":""},"categories":[5],"tags":[],"class_list":["post-1475","post","type-post","status-publish","format-standard","has-post-thumbnail","hentry","category-blog"],"_links":{"self":[{"href":"https:\/\/fundacaosolnascente.com.br\/home\/wp-json\/wp\/v2\/posts\/1475"}],"collection":[{"href":"https:\/\/fundacaosolnascente.com.br\/home\/wp-json\/wp\/v2\/posts"}],"about":[{"href":"https:\/\/fundacaosolnascente.com.br\/home\/wp-json\/wp\/v2\/types\/post"}],"author":[{"embeddable":true,"href":"https:\/\/fundacaosolnascente.com.br\/home\/wp-json\/wp\/v2\/users\/2"}],"replies":[{"embeddable":true,"href":"https:\/\/fundacaosolnascente.com.br\/home\/wp-json\/wp\/v2\/comments?post=1475"}],"version-history":[{"count":7,"href":"https:\/\/fundacaosolnascente.com.br\/home\/wp-json\/wp\/v2\/posts\/1475\/revisions"}],"predecessor-version":[{"id":1483,"href":"https:\/\/fundacaosolnascente.com.br\/home\/wp-json\/wp\/v2\/posts\/1475\/revisions\/1483"}],"wp:featuredmedia":[{"embeddable":true,"href":"https:\/\/fundacaosolnascente.com.br\/home\/wp-json\/wp\/v2\/media\/1480"}],"wp:attachment":[{"href":"https:\/\/fundacaosolnascente.com.br\/home\/wp-json\/wp\/v2\/media?parent=1475"}],"wp:term":[{"taxonomy":"category","embeddable":true,"href":"https:\/\/fundacaosolnascente.com.br\/home\/wp-json\/wp\/v2\/categories?post=1475"},{"taxonomy":"post_tag","embeddable":true,"href":"https:\/\/fundacaosolnascente.com.br\/home\/wp-json\/wp\/v2\/tags?post=1475"}],"curies":[{"name":"wp","href":"https:\/\/api.w.org\/{rel}","templated":true}]}}